{"id":7412,"date":"2026-09-04T15:28:19","date_gmt":"2026-09-04T15:28:19","guid":{"rendered":"https:\/\/andreacarta.net\/?p=7412"},"modified":"2026-06-28T14:17:51","modified_gmt":"2026-06-28T14:17:51","slug":"potere-delle-immagini-studium-punctum","status":"publish","type":"post","link":"https:\/\/andreacarta.net\/index.php\/2026\/09\/04\/potere-delle-immagini-studium-punctum\/","title":{"rendered":"Studium e Punctum, quel dettaglio che resta"},"content":{"rendered":"\n<p class=\"wp-block-paragraph\">Nel 1980 Roland Barthes scrisse un libro sulla fotografia, <em>La camera chiara<\/em>, diventato uno dei testi pi\u00f9 citati sulla teoria dell&#8217;immagine. <\/p>\n\n\n\n<p class=\"wp-block-paragraph\">Dentro c&#8217;\u00e8 una distinzione che ho trovato utilissima nel lavoro pratico, quella tra Studium e Punctum.<\/p>\n\n\n\n<h3 class=\"wp-block-heading\">Ci\u00f2 che riconosci e quello che &#8220;ti punge&#8221;<\/h3>\n\n\n\n<p class=\"wp-block-paragraph\">Lo <strong>Studium <\/strong>\u00e8 il livello culturale e condiviso, ci\u00f2 che in una foto riconosci perch\u00e9 appartiene a un codice che gi\u00e0 conosci, un ritratto formale, una scena di guerra, un&#8217;immagine di famiglia, lo capisci, lo elabori, lo collochi. <\/p>\n\n\n\n<p class=\"wp-block-paragraph\">Il <strong>Punctum <\/strong>\u00e8 un&#8217;altra cosa, \u00e8 quel dettaglio spesso piccolo e periferico che ti colpisce in modo personale e immediato. <\/p>\n\n\n\n<p class=\"wp-block-paragraph\"><em>Punge<\/em>, dice Barthes. Non \u00e8 per forza cercato o il centro dell&#8217;immagine, eppure \u00e8 quello che rimane e continua a tornare.<\/p>\n\n\n\n<p class=\"wp-block-paragraph\"><em>Per chi progetta comunicazione questo \u00e8 uno strumento sottile ma potente. <\/em>Mentre lo Studium rassicura, costruisce familiarit\u00e0 e riconoscibilit\u00e0, il Punctum sorprende, spezza il ritmo, cattura l&#8217;attenzione e resta. <\/p>\n\n\n\n<p class=\"wp-block-paragraph\">Un messaggio fatto solo di Studium scivola via senza lasciare traccia, tutto coerente e tutto dimenticato, mentre puntare solo all&#8217;effetto di rottura rischia di destabilizzare senza dare un appiglio. <\/p>\n\n\n\n<p class=\"wp-block-paragraph\">Un professionista deve saper dosare bene queste componenti, basandosi sul momento in cui si trover\u00e0 la mente dello spettatore. Spesso, alla base di una cattiva comunicazione (o, peggio, una comunicazione anonima) vi \u00e8 proprio il non consapevole utilizzo di una saggia combinazione degli elementi.<\/p>\n\n\n\n<p class=\"wp-block-paragraph\">Eppure, per quanto la combinazione efficace sia cosa rara, quando funziona si sente subito.<\/p>\n","protected":false},"excerpt":{"rendered":"<p>Un messaggio fatto solo di codici condivisi scivola via, tutto coerente, tutto previsto, tutto dimenticato.<\/p>\n","protected":false},"author":1,"featured_media":7440,"comment_status":"open","ping_status":"closed","sticky":false,"template":"","format":"standard","meta":{"footnotes":""},"categories":[50],"tags":[68,92,54],"class_list":["post-7412","post","type-post","status-publish","format-standard","has-post-thumbnail","hentry","category-blog","tag-design","tag-immagini","tag-percezione"],"yoast_head":"<!-- This site is optimized with the Yoast SEO plugin v28.3 - https:\/\/yoast.com\/product\/yoast-seo-wordpress\/ -->\n<title>Il potere delle immagini, Studium e Punctum<\/title>\n<meta name=\"description\" content=\"Il potere delle immagini sta tra ci\u00f2 che rassicura e ci\u00f2 che colpisce. La distinzione di Barthes tra Studium e Punctum nella comunicazione.\" \/>\n<meta name=\"robots\" content=\"index, follow, max-snippet:-1, max-image-preview:large, max-video-preview:-1\" \/>\n<link rel=\"canonical\" href=\"https:\/\/andreacarta.net\/index.php\/2026\/09\/04\/potere-delle-immagini-studium-punctum\/\" \/>\n<meta property=\"og:locale\" content=\"it_IT\" \/>\n<meta property=\"og:type\" content=\"article\" \/>\n<meta property=\"og:title\" content=\"Il potere delle immagini, Studium e Punctum\" \/>\n<meta property=\"og:description\" content=\"Il potere delle immagini sta tra ci\u00f2 che rassicura e ci\u00f2 che colpisce. La distinzione di Barthes tra Studium e Punctum nella comunicazione.\" \/>\n<meta property=\"og:url\" content=\"https:\/\/andreacarta.net\/index.php\/2026\/09\/04\/potere-delle-immagini-studium-punctum\/\" \/>\n<meta property=\"og:site_name\" content=\"Andrea Carta\" \/>\n<meta property=\"article:publisher\" content=\"www.facebook.com\/andreacarta.net\" \/>\n<meta property=\"article:author\" content=\"www.facebook.com\/andreacarta.net\" \/>\n<meta property=\"article:published_time\" content=\"2026-09-04T15:28:19+00:00\" \/>\n<meta property=\"og:image\" content=\"https:\/\/andreacarta.net\/wp-content\/uploads\/2026\/06\/barthes.jpg\" \/>\n\t<meta property=\"og:image:width\" content=\"1280\" \/>\n\t<meta property=\"og:image:height\" content=\"720\" \/>\n\t<meta property=\"og:image:type\" content=\"image\/jpeg\" \/>\n<meta name=\"author\" content=\"Andrea Carta\" \/>\n<meta name=\"twitter:card\" content=\"summary_large_image\" \/>\n<meta name=\"twitter:label1\" content=\"Scritto da\" \/>\n\t<meta name=\"twitter:data1\" content=\"Andrea Carta\" \/>\n\t<meta name=\"twitter:label2\" content=\"Tempo di lettura stimato\" \/>\n\t<meta name=\"twitter:data2\" content=\"2 minuti\" \/>\n<script type=\"application\/ld+json\" class=\"yoast-schema-graph\">{\"@context\":\"https:\\\/\\\/schema.org\",\"@graph\":[{\"@type\":\"Article\",\"@id\":\"https:\\\/\\\/andreacarta.net\\\/index.php\\\/2026\\\/09\\\/04\\\/potere-delle-immagini-studium-punctum\\\/#article\",\"isPartOf\":{\"@id\":\"https:\\\/\\\/andreacarta.net\\\/index.php\\\/2026\\\/09\\\/04\\\/potere-delle-immagini-studium-punctum\\\/\"},\"author\":{\"name\":\"Andrea Carta\",\"@id\":\"https:\\\/\\\/andreacarta.net\\\/#\\\/schema\\\/person\\\/6697ff7ee67e23097a9943c6be47bc81\"},\"headline\":\"Studium e Punctum, quel dettaglio che resta\",\"datePublished\":\"2026-09-04T15:28:19+00:00\",\"mainEntityOfPage\":{\"@id\":\"https:\\\/\\\/andreacarta.net\\\/index.php\\\/2026\\\/09\\\/04\\\/potere-delle-immagini-studium-punctum\\\/\"},\"wordCount\":245,\"commentCount\":0,\"publisher\":{\"@id\":\"https:\\\/\\\/andreacarta.net\\\/#\\\/schema\\\/person\\\/6697ff7ee67e23097a9943c6be47bc81\"},\"image\":{\"@id\":\"https:\\\/\\\/andreacarta.net\\\/index.php\\\/2026\\\/09\\\/04\\\/potere-delle-immagini-studium-punctum\\\/#primaryimage\"},\"thumbnailUrl\":\"https:\\\/\\\/andreacarta.net\\\/wp-content\\\/uploads\\\/2026\\\/06\\\/barthes.jpg\",\"keywords\":[\"design\",\"immagini\",\"percezione\"],\"articleSection\":[\"Blog\"],\"inLanguage\":\"it-IT\",\"potentialAction\":[{\"@type\":\"CommentAction\",\"name\":\"Comment\",\"target\":[\"https:\\\/\\\/andreacarta.net\\\/index.php\\\/2026\\\/09\\\/04\\\/potere-delle-immagini-studium-punctum\\\/#respond\"]}]},{\"@type\":\"WebPage\",\"@id\":\"https:\\\/\\\/andreacarta.net\\\/index.php\\\/2026\\\/09\\\/04\\\/potere-delle-immagini-studium-punctum\\\/\",\"url\":\"https:\\\/\\\/andreacarta.net\\\/index.php\\\/2026\\\/09\\\/04\\\/potere-delle-immagini-studium-punctum\\\/\",\"name\":\"Il potere delle immagini, Studium e Punctum\",\"isPartOf\":{\"@id\":\"https:\\\/\\\/andreacarta.net\\\/#website\"},\"primaryImageOfPage\":{\"@id\":\"https:\\\/\\\/andreacarta.net\\\/index.php\\\/2026\\\/09\\\/04\\\/potere-delle-immagini-studium-punctum\\\/#primaryimage\"},\"image\":{\"@id\":\"https:\\\/\\\/andreacarta.net\\\/index.php\\\/2026\\\/09\\\/04\\\/potere-delle-immagini-studium-punctum\\\/#primaryimage\"},\"thumbnailUrl\":\"https:\\\/\\\/andreacarta.net\\\/wp-content\\\/uploads\\\/2026\\\/06\\\/barthes.jpg\",\"datePublished\":\"2026-09-04T15:28:19+00:00\",\"description\":\"Il potere delle immagini sta tra ci\u00f2 che rassicura e ci\u00f2 che colpisce. La distinzione di Barthes tra Studium e Punctum nella comunicazione.\",\"breadcrumb\":{\"@id\":\"https:\\\/\\\/andreacarta.net\\\/index.php\\\/2026\\\/09\\\/04\\\/potere-delle-immagini-studium-punctum\\\/#breadcrumb\"},\"inLanguage\":\"it-IT\",\"potentialAction\":[{\"@type\":\"ReadAction\",\"target\":[\"https:\\\/\\\/andreacarta.net\\\/index.php\\\/2026\\\/09\\\/04\\\/potere-delle-immagini-studium-punctum\\\/\"]}]},{\"@type\":\"ImageObject\",\"inLanguage\":\"it-IT\",\"@id\":\"https:\\\/\\\/andreacarta.net\\\/index.php\\\/2026\\\/09\\\/04\\\/potere-delle-immagini-studium-punctum\\\/#primaryimage\",\"url\":\"https:\\\/\\\/andreacarta.net\\\/wp-content\\\/uploads\\\/2026\\\/06\\\/barthes.jpg\",\"contentUrl\":\"https:\\\/\\\/andreacarta.net\\\/wp-content\\\/uploads\\\/2026\\\/06\\\/barthes.jpg\",\"width\":1280,\"height\":720},{\"@type\":\"BreadcrumbList\",\"@id\":\"https:\\\/\\\/andreacarta.net\\\/index.php\\\/2026\\\/09\\\/04\\\/potere-delle-immagini-studium-punctum\\\/#breadcrumb\",\"itemListElement\":[{\"@type\":\"ListItem\",\"position\":1,\"name\":\"Home\",\"item\":\"https:\\\/\\\/andreacarta.net\\\/\"},{\"@type\":\"ListItem\",\"position\":2,\"name\":\"Studium e Punctum, quel dettaglio che resta\"}]},{\"@type\":\"WebSite\",\"@id\":\"https:\\\/\\\/andreacarta.net\\\/#website\",\"url\":\"https:\\\/\\\/andreacarta.net\\\/\",\"name\":\"Andrea Carta - Direzione strategica e operativa\",\"description\":\"Strategic direction\",\"publisher\":{\"@id\":\"https:\\\/\\\/andreacarta.net\\\/#\\\/schema\\\/person\\\/6697ff7ee67e23097a9943c6be47bc81\"},\"potentialAction\":[{\"@type\":\"SearchAction\",\"target\":{\"@type\":\"EntryPoint\",\"urlTemplate\":\"https:\\\/\\\/andreacarta.net\\\/?s={search_term_string}\"},\"query-input\":{\"@type\":\"PropertyValueSpecification\",\"valueRequired\":true,\"valueName\":\"search_term_string\"}}],\"inLanguage\":\"it-IT\"},{\"@type\":[\"Person\",\"Organization\"],\"@id\":\"https:\\\/\\\/andreacarta.net\\\/#\\\/schema\\\/person\\\/6697ff7ee67e23097a9943c6be47bc81\",\"name\":\"Andrea Carta\",\"image\":{\"@type\":\"ImageObject\",\"inLanguage\":\"it-IT\",\"@id\":\"https:\\\/\\\/andreacarta.net\\\/wp-content\\\/uploads\\\/2026\\\/01\\\/cropped-AC-Logofolio-19_andrea-carta.webp\",\"url\":\"https:\\\/\\\/andreacarta.net\\\/wp-content\\\/uploads\\\/2026\\\/01\\\/cropped-AC-Logofolio-19_andrea-carta.webp\",\"contentUrl\":\"https:\\\/\\\/andreacarta.net\\\/wp-content\\\/uploads\\\/2026\\\/01\\\/cropped-AC-Logofolio-19_andrea-carta.webp\",\"width\":512,\"height\":512,\"caption\":\"Andrea Carta\"},\"logo\":{\"@id\":\"https:\\\/\\\/andreacarta.net\\\/wp-content\\\/uploads\\\/2026\\\/01\\\/cropped-AC-Logofolio-19_andrea-carta.webp\"},\"description\":\"Affianco imprese e organizzazioni nel definire posizionamento, costruire processi solidi e far avanzare progetti di sviluppo con impatto concreto su chi fa parte dell'azienda e sul territorio in cui opera.\",\"sameAs\":[\"https:\\\/\\\/andreacarta.net\",\"www.facebook.com\\\/andreacarta.net\",\"www.instagram.com\\\/andreacarta27\",\"https:\\\/\\\/www.linkedin.com\\\/in\\\/andreacartastrategy\\\/\"],\"url\":\"https:\\\/\\\/andreacarta.net\\\/index.php\\\/author\\\/andrea\\\/\"}]}<\/script>\n<!-- \/ Yoast SEO plugin. -->","yoast_head_json":{"title":"Il potere delle immagini, Studium e Punctum","description":"Il potere delle immagini sta tra ci\u00f2 che rassicura e ci\u00f2 che colpisce. La distinzione di Barthes tra Studium e Punctum nella comunicazione.","robots":{"index":"index","follow":"follow","max-snippet":"max-snippet:-1","max-image-preview":"max-image-preview:large","max-video-preview":"max-video-preview:-1"},"canonical":"https:\/\/andreacarta.net\/index.php\/2026\/09\/04\/potere-delle-immagini-studium-punctum\/","og_locale":"it_IT","og_type":"article","og_title":"Il potere delle immagini, Studium e Punctum","og_description":"Il potere delle immagini sta tra ci\u00f2 che rassicura e ci\u00f2 che colpisce. La distinzione di Barthes tra Studium e Punctum nella comunicazione.","og_url":"https:\/\/andreacarta.net\/index.php\/2026\/09\/04\/potere-delle-immagini-studium-punctum\/","og_site_name":"Andrea Carta","article_publisher":"www.facebook.com\/andreacarta.net","article_author":"www.facebook.com\/andreacarta.net","article_published_time":"2026-09-04T15:28:19+00:00","og_image":[{"width":1280,"height":720,"url":"https:\/\/andreacarta.net\/wp-content\/uploads\/2026\/06\/barthes.jpg","type":"image\/jpeg"}],"author":"Andrea Carta","twitter_card":"summary_large_image","twitter_misc":{"Scritto da":"Andrea Carta","Tempo di lettura stimato":"2 minuti"},"schema":{"@context":"https:\/\/schema.org","@graph":[{"@type":"Article","@id":"https:\/\/andreacarta.net\/index.php\/2026\/09\/04\/potere-delle-immagini-studium-punctum\/#article","isPartOf":{"@id":"https:\/\/andreacarta.net\/index.php\/2026\/09\/04\/potere-delle-immagini-studium-punctum\/"},"author":{"name":"Andrea Carta","@id":"https:\/\/andreacarta.net\/#\/schema\/person\/6697ff7ee67e23097a9943c6be47bc81"},"headline":"Studium e Punctum, quel dettaglio che resta","datePublished":"2026-09-04T15:28:19+00:00","mainEntityOfPage":{"@id":"https:\/\/andreacarta.net\/index.php\/2026\/09\/04\/potere-delle-immagini-studium-punctum\/"},"wordCount":245,"commentCount":0,"publisher":{"@id":"https:\/\/andreacarta.net\/#\/schema\/person\/6697ff7ee67e23097a9943c6be47bc81"},"image":{"@id":"https:\/\/andreacarta.net\/index.php\/2026\/09\/04\/potere-delle-immagini-studium-punctum\/#primaryimage"},"thumbnailUrl":"https:\/\/andreacarta.net\/wp-content\/uploads\/2026\/06\/barthes.jpg","keywords":["design","immagini","percezione"],"articleSection":["Blog"],"inLanguage":"it-IT","potentialAction":[{"@type":"CommentAction","name":"Comment","target":["https:\/\/andreacarta.net\/index.php\/2026\/09\/04\/potere-delle-immagini-studium-punctum\/#respond"]}]},{"@type":"WebPage","@id":"https:\/\/andreacarta.net\/index.php\/2026\/09\/04\/potere-delle-immagini-studium-punctum\/","url":"https:\/\/andreacarta.net\/index.php\/2026\/09\/04\/potere-delle-immagini-studium-punctum\/","name":"Il potere delle immagini, Studium e Punctum","isPartOf":{"@id":"https:\/\/andreacarta.net\/#website"},"primaryImageOfPage":{"@id":"https:\/\/andreacarta.net\/index.php\/2026\/09\/04\/potere-delle-immagini-studium-punctum\/#primaryimage"},"image":{"@id":"https:\/\/andreacarta.net\/index.php\/2026\/09\/04\/potere-delle-immagini-studium-punctum\/#primaryimage"},"thumbnailUrl":"https:\/\/andreacarta.net\/wp-content\/uploads\/2026\/06\/barthes.jpg","datePublished":"2026-09-04T15:28:19+00:00","description":"Il potere delle immagini sta tra ci\u00f2 che rassicura e ci\u00f2 che colpisce. La distinzione di Barthes tra Studium e Punctum nella comunicazione.","breadcrumb":{"@id":"https:\/\/andreacarta.net\/index.php\/2026\/09\/04\/potere-delle-immagini-studium-punctum\/#breadcrumb"},"inLanguage":"it-IT","potentialAction":[{"@type":"ReadAction","target":["https:\/\/andreacarta.net\/index.php\/2026\/09\/04\/potere-delle-immagini-studium-punctum\/"]}]},{"@type":"ImageObject","inLanguage":"it-IT","@id":"https:\/\/andreacarta.net\/index.php\/2026\/09\/04\/potere-delle-immagini-studium-punctum\/#primaryimage","url":"https:\/\/andreacarta.net\/wp-content\/uploads\/2026\/06\/barthes.jpg","contentUrl":"https:\/\/andreacarta.net\/wp-content\/uploads\/2026\/06\/barthes.jpg","width":1280,"height":720},{"@type":"BreadcrumbList","@id":"https:\/\/andreacarta.net\/index.php\/2026\/09\/04\/potere-delle-immagini-studium-punctum\/#breadcrumb","itemListElement":[{"@type":"ListItem","position":1,"name":"Home","item":"https:\/\/andreacarta.net\/"},{"@type":"ListItem","position":2,"name":"Studium e Punctum, quel dettaglio che resta"}]},{"@type":"WebSite","@id":"https:\/\/andreacarta.net\/#website","url":"https:\/\/andreacarta.net\/","name":"Andrea Carta - Direzione strategica e operativa","description":"Strategic direction","publisher":{"@id":"https:\/\/andreacarta.net\/#\/schema\/person\/6697ff7ee67e23097a9943c6be47bc81"},"potentialAction":[{"@type":"SearchAction","target":{"@type":"EntryPoint","urlTemplate":"https:\/\/andreacarta.net\/?s={search_term_string}"},"query-input":{"@type":"PropertyValueSpecification","valueRequired":true,"valueName":"search_term_string"}}],"inLanguage":"it-IT"},{"@type":["Person","Organization"],"@id":"https:\/\/andreacarta.net\/#\/schema\/person\/6697ff7ee67e23097a9943c6be47bc81","name":"Andrea Carta","image":{"@type":"ImageObject","inLanguage":"it-IT","@id":"https:\/\/andreacarta.net\/wp-content\/uploads\/2026\/01\/cropped-AC-Logofolio-19_andrea-carta.webp","url":"https:\/\/andreacarta.net\/wp-content\/uploads\/2026\/01\/cropped-AC-Logofolio-19_andrea-carta.webp","contentUrl":"https:\/\/andreacarta.net\/wp-content\/uploads\/2026\/01\/cropped-AC-Logofolio-19_andrea-carta.webp","width":512,"height":512,"caption":"Andrea Carta"},"logo":{"@id":"https:\/\/andreacarta.net\/wp-content\/uploads\/2026\/01\/cropped-AC-Logofolio-19_andrea-carta.webp"},"description":"Affianco imprese e organizzazioni nel definire posizionamento, costruire processi solidi e far avanzare progetti di sviluppo con impatto concreto su chi fa parte dell'azienda e sul territorio in cui opera.","sameAs":["https:\/\/andreacarta.net","www.facebook.com\/andreacarta.net","www.instagram.com\/andreacarta27","https:\/\/www.linkedin.com\/in\/andreacartastrategy\/"],"url":"https:\/\/andreacarta.net\/index.php\/author\/andrea\/"}]}},"_links":{"self":[{"href":"https:\/\/andreacarta.net\/index.php\/wp-json\/wp\/v2\/posts\/7412","targetHints":{"allow":["GET"]}}],"collection":[{"href":"https:\/\/andreacarta.net\/index.php\/wp-json\/wp\/v2\/posts"}],"about":[{"href":"https:\/\/andreacarta.net\/index.php\/wp-json\/wp\/v2\/types\/post"}],"author":[{"embeddable":true,"href":"https:\/\/andreacarta.net\/index.php\/wp-json\/wp\/v2\/users\/1"}],"replies":[{"embeddable":true,"href":"https:\/\/andreacarta.net\/index.php\/wp-json\/wp\/v2\/comments?post=7412"}],"version-history":[{"count":1,"href":"https:\/\/andreacarta.net\/index.php\/wp-json\/wp\/v2\/posts\/7412\/revisions"}],"predecessor-version":[{"id":7441,"href":"https:\/\/andreacarta.net\/index.php\/wp-json\/wp\/v2\/posts\/7412\/revisions\/7441"}],"wp:featuredmedia":[{"embeddable":true,"href":"https:\/\/andreacarta.net\/index.php\/wp-json\/wp\/v2\/media\/7440"}],"wp:attachment":[{"href":"https:\/\/andreacarta.net\/index.php\/wp-json\/wp\/v2\/media?parent=7412"}],"wp:term":[{"taxonomy":"category","embeddable":true,"href":"https:\/\/andreacarta.net\/index.php\/wp-json\/wp\/v2\/categories?post=7412"},{"taxonomy":"post_tag","embeddable":true,"href":"https:\/\/andreacarta.net\/index.php\/wp-json\/wp\/v2\/tags?post=7412"}],"curies":[{"name":"wp","href":"https:\/\/api.w.org\/{rel}","templated":true}]}}